{"id":10078,"date":"2025-11-07T10:47:52","date_gmt":"2025-11-07T15:47:52","guid":{"rendered":"https:\/\/audioprothesistes.org\/staging20260303\/?p=10078"},"modified":"2026-03-03T14:36:19","modified_gmt":"2026-03-03T19:36:19","slug":"congres-2025-annuel-de-lordre-des-audioprothesistes-du-quebec-une-realite-qui-resonne-intelligence-artificielle-et-audioprothese","status":"publish","type":"post","link":"https:\/\/audioprothesistes.org\/staging20260303\/congres-2025-annuel-de-lordre-des-audioprothesistes-du-quebec-une-realite-qui-resonne-intelligence-artificielle-et-audioprothese\/","title":{"rendered":"Communiqu\u00e9 de presse &#8211; Une r\u00e9alit\u00e9 qui r\u00e9sonne : Intelligence artificielle et audioproth\u00e8se"},"content":{"rendered":"<h3 style=\"text-align: center;\"><strong>Congr\u00e8s annuel 2025 de l\u2019Ordre des audioproth\u00e9sistes du Qu\u00e9bec<\/strong><\/h3>\n<h2><\/h2>\n<h2 style=\"text-align: center;\"><strong>Une r\u00e9alit\u00e9 qui r\u00e9sonne\u00a0: Intelligence artificielle et audioproth\u00e8se<\/strong><\/h2>\n<p><strong>Montr\u00e9al, le 7<\/strong><strong> novembre 2025 <\/strong><strong>\u2013<\/strong> Les 16 et 17 octobre dernier, pr\u00e8s de 430 audioproth\u00e9sistes venus des quatre coins du Qu\u00e9bec se sont donn\u00e9 rendez-vous \u00e0 Rivi\u00e8re-du-Loup pour prendre part au congr\u00e8s annuel de l\u2019Ordre des audioproth\u00e9sistes du Qu\u00e9bec (OAQ). Plusieurs conf\u00e9rences et ateliers ont \u00e9t\u00e9 pr\u00e9sent\u00e9s sous le th\u00e8me de l\u2019intelligence artificielle (IA).<\/p>\n<p>\u00ab Depuis les derni\u00e8res ann\u00e9es, l\u2019arriv\u00e9e de l\u2019IA influence nos vies, notre quotidien ainsi que les pratiques professionnelles, dont l\u2019audioproth\u00e8se. Si l\u2019IA ouvre de nouvelles portes \u2013 bonnes ou mauvaises \u2013 elle constitue un risque, mais aussi une occasion \u00e0 saisir. C\u2019est pourquoi son int\u00e9gration doit respecter les valeurs de notre profession. Une communication authentique afin de cerner ad\u00e9quatement les besoins du client et de le conseiller en fonction de sa situation personnelle demeurera toujours au c\u0153ur de la relation patient-professionnel. \u00bb a expliqu\u00e9 M. David G\u00e9linas, audioproth\u00e9siste et pr\u00e9sident de l\u2019Ordre.<\/p>\n<p>Outre le volet formation professionnelle, l\u2019OAQ a profit\u00e9 de la pr\u00e9sence des membres de l\u2019Ordre pour reconnaitre et souligner les r\u00e9alisations d\u2019audioproth\u00e9sistes d\u2019exp\u00e9rience et de la rel\u00e8ve.<\/p>\n<p><strong>Prix M\u00e9rite du CIQ<\/strong><br \/>\nDepuis 1990, le prix M\u00e9rite du Conseil interprofessionnel du Qu\u00e9bec (CIQ) visent \u00e0 reconnaitre les r\u00e9alisations professionnelles et la contribution d\u2019un membre. Cette prestigieuse distinction est d\u00e9cern\u00e9e par l\u2019organisme qui regroupe les 46 ordres professionnels. Chaque ordre peut profiter de la remise d\u2019une m\u00e9daille par ann\u00e9e.<\/p>\n<p>La r\u00e9cipiendaire du prix M\u00e9rite du CIQ 2025 de l\u2019APQ est Mme Sophie Gagnon. Cette derni\u00e8re a consacr\u00e9 plus de 32 ans \u00e0 l\u2019Ordre des audioproth\u00e9sistes du Qu\u00e9bec, dont 18 ans comme administratrice. Elle a occup\u00e9 plusieurs postes cl\u00e9s, dont celui de pr\u00e9sidente, illustrant son engagement envers la protection du public et le rayonnement du syst\u00e8me professionnel qu\u00e9b\u00e9cois.<\/p>\n<p>Mme Gagnon a \u00e9t\u00e9 au c\u0153ur de dossiers structurants qui ont marqu\u00e9 l\u2019histoire de l\u2019Ordre. Elle a dirig\u00e9 le d\u00e9veloppement du dossier de la gestion du c\u00e9rumen. Elle a contribu\u00e9 \u00e0 la formation continue des membres, \u00e0 l\u2019organisation de symposiums, et \u00e0 la cr\u00e9ation de formations sp\u00e9cialis\u00e9es pour les infirmi\u00e8res sur la r\u00e9alit\u00e9 des proth\u00e8ses auditives. Elle a \u00e9galement jou\u00e9 un r\u00f4le cl\u00e9 dans l\u2019\u00e9tablissement et le maintien de liens avec la France, permettant l\u2019importation et l\u2019implantation au Qu\u00e9bec de la Journ\u00e9e nationale de l\u2019audition (JNAQ). Son influence sur la gouvernance, marqu\u00e9e par l\u2019\u00e9thique et la rigueur, a renforc\u00e9 la cr\u00e9dibilit\u00e9 et la solidit\u00e9 des structures internes.<\/p>\n<p><img loading=\"lazy\" decoding=\"async\" class=\"alignnone size-medium wp-image-10101\" src=\"https:\/\/audioprothesistes.org\/staging20260303\/wp-content\/uploads\/2025\/11\/Prix-Merite-du-CIQ-2025_Sophie-Gagnon_LR-375x250.jpg\" alt=\"\" width=\"375\" height=\"250\" \/><\/p>\n<p>De gauche \u00e0 droite : Mmes Danielle Bou\u00e9, pr\u00e9sidente du CIQ, Sophie Gagnon, ap., et M. David G\u00e9linas, ap., pr\u00e9sident de l\u2019Ordre.<br \/>\n(Secteur de pratique de Sophie Gagnon : Montr\u00e9al)<br \/>\nPhoto : Jo\u00ebl Lalancette<\/p>\n<p><strong>Prix Jean C. Trudel<\/strong><br \/>\nLe prix Jean C. Trudel a \u00e9t\u00e9 institu\u00e9 en reconnaissance \u00e0 l\u2019un des principaux artisans de la profession. M. Trudel est membre fondateur et premier pr\u00e9sident de l\u2019Ordre ainsi que l\u2019un des pr\u00e9curseurs de la technique en audioproth\u00e8se au Coll\u00e8ge de Rosemont, maintenant le C\u00e9gep de Rosemont.<\/p>\n<p>Ce prix est remis \u00e0 un membre de l&rsquo;Ordre qui a d\u00e9montr\u00e9 son engagement \u00e0 la mission de l\u2019Ordre, a r\u00e9alis\u00e9 un projet significatif pour la profession ou s\u2019est impliqu\u00e9 b\u00e9n\u00e9volement, depuis au moins un an, dans diff\u00e9rentes activit\u00e9s de l\u2019Ordre. Le prix a \u00e9t\u00e9 d\u00e9cern\u00e9 \u00e0 M. Gino Villeneuve, audioproth\u00e9siste \u00e0 la retraite.<\/p>\n<p>M. Villeneuve a consacr\u00e9 une part importante de sa carri\u00e8re \u00e0 l\u2019OAQ. Il y a si\u00e9g\u00e9 comme membre du conseil d\u2019administration, puis a occup\u00e9 les fonctions de syndic adjoint, avant de devenir syndic de 2011 \u00e0 2022. Pendant plus d\u2019une d\u00e9cennie, il a incarn\u00e9 avec constance et conviction la mission fondamentale de l\u2019Ordre, soit de prot\u00e9ger le public. Il s\u2019est distingu\u00e9 par son respect des r\u00e8gles et par sa compr\u00e9hension fine des r\u00e9alit\u00e9s de la pratique.<\/p>\n<p>Proactif dans son r\u00f4le, il a contribu\u00e9 \u00e0 int\u00e9grer les principes d\u00e9ontologiques au c\u0153ur de la pratique professionnelle. \u00c0 travers de nombreuses interventions et pr\u00e9sentations, il a su rendre la d\u00e9ontologie vivante et concr\u00e8te, offrant aux membres des rep\u00e8res clairs et utiles. Son parcours t\u00e9moigne d\u2019un \u00e9quilibre rare entre rigueur professionnelle et chaleur humaine. Par son engagement et sa pr\u00e9sence rassembleuse, il a marqu\u00e9 la communaut\u00e9 audioproth\u00e9tique.<\/p>\n<p><img loading=\"lazy\" decoding=\"async\" class=\"alignnone size-medium wp-image-10106\" src=\"https:\/\/audioprothesistes.org\/staging20260303\/wp-content\/uploads\/2025\/11\/Prix-Jean-C.-Trudel-2025_Gino-Villeneuve_LR-375x250.jpg\" alt=\"\" width=\"375\" height=\"250\" \/><\/p>\n<p>De gauche \u00e0 droite : M. David G\u00e9linas, ap., pr\u00e9sident de l\u2019Ordre et M. Gino Villeneuve, r\u00e9cipiendaire du prix Jean C. Trudel 2025.<br \/>\n(Secteur de pratique de Gino Villeneuve : Alma)<br \/>\nPhoto : Jo\u00ebl Lalancette<\/p>\n<p><strong>Prix d\u2019excellence Raymond-Lanteigne<\/strong><br \/>\nLe prix d\u2019excellence Raymond-Lanteigne est remis \u00e0 l\u2019\u00e9tudiant qui pr\u00e9sente les meilleurs r\u00e9sultats scolaires parmi les candidats \u00e0 la profession d\u2019audioproth\u00e9siste. Le prix, assorti d\u2019une bourse, est remis \u00e0 un \u00e9tudiant de chacune des cohortes des \u00e9tablissements d\u2019enseignement coll\u00e9gial offrant le programme d\u2019audioproth\u00e8se. Les r\u00e9cipiendaires 2025 sont Mme Andr\u00e9a Ouellet (C\u00e9gep La Pocati\u00e8re) et M. Marc Gaudette (C\u00e9gep de Rosemont).<\/p>\n<p><img loading=\"lazy\" decoding=\"async\" class=\"alignnone size-medium wp-image-10107\" src=\"https:\/\/audioprothesistes.org\/staging20260303\/wp-content\/uploads\/2025\/11\/Prix-Raymond_Lanteigne-2025_Andrea-Ouellet_LR-375x250.jpg\" alt=\"\" width=\"375\" height=\"250\" \/><\/p>\n<p>De gauche \u00e0 droite : Mme Andr\u00e9a Ouellet et M. David G\u00e9linas, ap., pr\u00e9sident de l\u2019Ordre.<br \/>\n(Secteur de pratique d\u2019Andr\u00e9a Ouellet : Chicoutimi)<br \/>\nPhoto : Jo\u00ebl Lalancette<\/p>\n<p><img loading=\"lazy\" decoding=\"async\" class=\"alignnone size-medium wp-image-10108\" src=\"https:\/\/audioprothesistes.org\/staging20260303\/wp-content\/uploads\/2025\/11\/Prix-Raymond-Lanteigne-2025_Marc-Gaudette_LR-375x250.jpg\" alt=\"\" width=\"375\" height=\"250\" \/><\/p>\n<p>De gauche \u00e0 droite : MM. Marc Gaudette et David G\u00e9linas, ap., pr\u00e9sident de l\u2019Ordre.<br \/>\n(Secteur de pratique de Marc Gaudette : Longueuil)<br \/>\nPhoto : Jo\u00ebl Lalancette<\/p>\n<p><strong>Bourses Beneva\/Esprit d\u2019\u00e9quipe<\/strong><br \/>\nDeux bourses Beneva ont \u00e9galement \u00e9t\u00e9 d\u00e9cern\u00e9es \u00e0 une personne \u00e9tudiante de 3e ann\u00e9e en audioproth\u00e8se afin de souligner son esprit d\u2019\u00e9quipe, son entregent avec ses coll\u00e8gues et l\u2019ensemble des rapports qu\u2019elle a entretenus tout au long de ses trois ann\u00e9es scolaires.<\/p>\n<p>Pour le C\u00e9gep La Pocati\u00e8re, la bourse a \u00e9t\u00e9 remise \u00e0 Mme \u00c9my Ducharme alors que celle du C\u00e9gep de Rosemont a \u00e9t\u00e9 remise \u00e0 M. Marc Gaudette.<\/p>\n<p><img loading=\"lazy\" decoding=\"async\" class=\"alignnone size-medium wp-image-10109\" src=\"https:\/\/audioprothesistes.org\/staging20260303\/wp-content\/uploads\/2025\/11\/Prix-Beneva-2025_Emy-Ducharme_LR-375x250.jpg\" alt=\"\" width=\"375\" height=\"250\" \/><\/p>\n<p>De gauche \u00e0 droite : Mme \u00c9my Ducharme et M. David G\u00e9linas, ap., pr\u00e9sident de l\u2019Ordre.<br \/>\n(Secteur de pratique d\u2019\u00c9my Ducharme : Rouyn-Noranda)<br \/>\nPhoto : Jo\u00ebl Lalancette<\/p>\n<p><img loading=\"lazy\" decoding=\"async\" class=\"alignnone size-medium wp-image-10110\" src=\"https:\/\/audioprothesistes.org\/staging20260303\/wp-content\/uploads\/2025\/11\/Prix-Beneva-2025_Marc-Gaudette_LR-375x250.jpg\" alt=\"\" width=\"375\" height=\"250\" \/><br \/>\nDe gauche \u00e0 droite : MM. Marc Gaudette et David G\u00e9linas, ap., pr\u00e9sident de l\u2019Ordre.<br \/>\n(Secteur de pratique de Marc Gaudette : Longueuil)<br \/>\nPhoto : Jo\u00ebl Lalancette<\/p>\n<p>En cl\u00f4ture de son congr\u00e8s annuel, l\u2019OAQ a remis le permis de pratique 19 personnes nouvellement dipl\u00f4m\u00e9es en provenance des deux \u00e9tablissements d\u2019enseignement coll\u00e9gial offrant le programme d\u2019audioproth\u00e8se.<\/p>\n<p><img loading=\"lazy\" decoding=\"async\" class=\"alignnone size-medium wp-image-10111\" src=\"https:\/\/audioprothesistes.org\/staging20260303\/wp-content\/uploads\/2025\/11\/Finissants-2025_La-Pocatiere_LR-375x250.jpg\" alt=\"\" width=\"375\" height=\"250\" \/><\/p>\n<p>Cohorte 2025 du programme d\u2019Audioproth\u00e8se du C\u00e9gep La Pocati\u00e8re avec M. David G\u00e9linas, ap., pr\u00e9sident de l\u2019Ordre.<br \/>\nPhoto : Jo\u00ebl Lalancette<\/p>\n<p><img loading=\"lazy\" decoding=\"async\" class=\"alignnone size-medium wp-image-10112\" src=\"https:\/\/audioprothesistes.org\/staging20260303\/wp-content\/uploads\/2025\/11\/Finissants-2025_Rosemont_LR-375x250.jpg\" alt=\"\" width=\"375\" height=\"250\" \/><\/p>\n<p>Cohorte 2025 du programme d\u2019Audioproth\u00e8se du C\u00e9gep de Rosemont.avec M. David G\u00e9linas, ap., pr\u00e9sident de l\u2019Ordre.<br \/>\nPhoto : Jo\u00ebl Lalancette<\/p>\n<p style=\"text-align: left;\">L\u2019Ordre des audioproth\u00e9sistes (OAQ) a pour mission de prot\u00e9ger le public qui fait appel aux services professionnels d\u2019un audioproth\u00e9siste. Comme stipul\u00e9 dans le Code des professions, elle a pour obligation d\u2019assurer que chacun de ses membres se conforme \u00e0 la r\u00e9glementation qui r\u00e9git sa pratique. Pour ce faire, l\u2019Ordre doit surveiller et contr\u00f4ler la pratique professionnelle de ses membres pour r\u00e9pondre aux besoins de la population qu\u00e9b\u00e9coise.<\/p>\n<p style=\"text-align: center;\">&#8211; 30 &#8211;<\/p>\n<p>Renseignements :<br \/>\nMireille Lallier, PRP<br \/>\nConseill\u00e8re aux communications et aux relations publiques<br \/>\nOrdre des audioproth\u00e9sistes du Qu\u00e9bec<br \/>\nT\u00e9l\u00e9phone : 514 640-5117, poste 206 | Courriel : info@audioprothesistes.org<\/p>\n<p><a href=\"https:\/\/audioprothesistes.org\/staging20260303\/wp-content\/uploads\/2025\/11\/CdeP_Congres_Nov-2025.pdf\" target=\"_blank\" rel=\"noopener\">Version PDF.<\/a><\/p>\n<p>&nbsp;<\/p>\n","protected":false},"excerpt":{"rendered":"<p>Congr\u00e8s annuel 2025 de l\u2019Ordre des audioproth\u00e9sistes du Qu\u00e9bec Une r\u00e9alit\u00e9 qui r\u00e9sonne\u00a0: Intelligence artificielle et audioproth\u00e8se Montr\u00e9al, le 7 novembre 2025 \u2013 Les 16 et 17 octobre dernier, pr\u00e8s de 430 audioproth\u00e9sistes venus des quatre coins du Qu\u00e9bec se sont donn\u00e9 rendez-vous \u00e0 Rivi\u00e8re-du-Loup pour prendre part au congr\u00e8s annuel de l\u2019Ordre des audioproth\u00e9sistes [&hellip;]<\/p>\n","protected":false},"author":10,"featured_media":10114,"comment_status":"closed","ping_status":"open","sticky":false,"template":"","format":"standard","meta":{"_et_pb_use_builder":"","_et_pb_old_content":"","_et_gb_content_width":"","footnotes":""},"categories":[11,24],"tags":[],"class_list":["post-10078","post","type-post","status-publish","format-standard","has-post-thumbnail","hentry","category-renouvellement-cotisation","category-communiques-de-presse"],"acf":[],"_links":{"self":[{"href":"https:\/\/audioprothesistes.org\/staging20260303\/wp-json\/wp\/v2\/posts\/10078","targetHints":{"allow":["GET"]}}],"collection":[{"href":"https:\/\/audioprothesistes.org\/staging20260303\/wp-json\/wp\/v2\/posts"}],"about":[{"href":"https:\/\/audioprothesistes.org\/staging20260303\/wp-json\/wp\/v2\/types\/post"}],"author":[{"embeddable":true,"href":"https:\/\/audioprothesistes.org\/staging20260303\/wp-json\/wp\/v2\/users\/10"}],"replies":[{"embeddable":true,"href":"https:\/\/audioprothesistes.org\/staging20260303\/wp-json\/wp\/v2\/comments?post=10078"}],"version-history":[{"count":14,"href":"https:\/\/audioprothesistes.org\/staging20260303\/wp-json\/wp\/v2\/posts\/10078\/revisions"}],"predecessor-version":[{"id":10126,"href":"https:\/\/audioprothesistes.org\/staging20260303\/wp-json\/wp\/v2\/posts\/10078\/revisions\/10126"}],"wp:featuredmedia":[{"embeddable":true,"href":"https:\/\/audioprothesistes.org\/staging20260303\/wp-json\/wp\/v2\/media\/10114"}],"wp:attachment":[{"href":"https:\/\/audioprothesistes.org\/staging20260303\/wp-json\/wp\/v2\/media?parent=10078"}],"wp:term":[{"taxonomy":"category","embeddable":true,"href":"https:\/\/audioprothesistes.org\/staging20260303\/wp-json\/wp\/v2\/categories?post=10078"},{"taxonomy":"post_tag","embeddable":true,"href":"https:\/\/audioprothesistes.org\/staging20260303\/wp-json\/wp\/v2\/tags?post=10078"}],"curies":[{"name":"wp","href":"https:\/\/api.w.org\/{rel}","templated":true}]}}