{"id":9523,"date":"2025-05-07T11:41:18","date_gmt":"2025-05-07T15:41:18","guid":{"rendered":"https:\/\/audioprothesistes.org\/staging20260303\/?p=9523"},"modified":"2025-05-07T11:41:25","modified_gmt":"2025-05-07T15:41:25","slug":"avis-de-nomination","status":"publish","type":"post","link":"https:\/\/audioprothesistes.org\/staging20260303\/avis-de-nomination\/","title":{"rendered":"Avis de nomination"},"content":{"rendered":"<p>L\u2019Ordre des audioproth\u00e9sistes du Qu\u00e9bec est heureux d\u2019annoncer la nomination de Mme Christine Sparrow \u00e0 titre de directrice g\u00e9n\u00e9rale et secr\u00e9taire, en poste depuis le 5 mai 2025.<\/p>\n<p>Titulaire d\u2019un baccalaur\u00e9at en administration des affaires de l\u2019Universit\u00e9 du Qu\u00e9bec \u00e0 Montr\u00e9al, Mme Sparrow cumule plus de 15 ann\u00e9es d\u2019exp\u00e9rience en gestion et en d\u00e9veloppement organisationnel.<\/p>\n<p>Elle se distingue par une expertise solide en mobilisation des \u00e9quipes, en optimisation des processus et en cr\u00e9ation de partenariats strat\u00e9giques, toujours dans une approche collaborative et humaine.<\/p>\n<p>Reconnue pour son esprit critique, sa cr\u00e9ativit\u00e9, sa capacit\u00e9 \u00e0 rassembler et sa vision strat\u00e9gique, Mme Sparrow poss\u00e8de \u00e9galement de grandes habilet\u00e9s en communication et en relations interpersonnelles. Son leadership mobilisateur alli\u00e9 \u00e0 sa rigueur professionnelle font d\u2019elle une personne hautement qualifi\u00e9e pour diriger les affaires de l\u2019Ordre et contribuer \u00e0 l\u2019atteinte de sa mission de protection du public.<\/p>\n<p>L\u2019Ordre des audioproth\u00e9sistes du Qu\u00e9bec lui souhaite chaleureusement la bienvenue et beaucoup de succ\u00e8s dans ses nouvelles fonctions !<\/p>\n<p><strong>Remerciements<\/strong><\/p>\n<p>L\u2019Ordre tient \u00e0 remercier Mme France V\u00e9zina, Adm.A., qui a occup\u00e9 le poste de directrice g\u00e9n\u00e9rale et secr\u00e9taire par int\u00e9rim, pour son engagement, son professionnalisme constant et l\u2019expertise pr\u00e9cieuse qu\u2019elle a offerts \u00e0 l\u2019Ordre.<\/p>\n<p>Mme V\u00e9zina va d\u2019ailleurs continuer \u00e0 contribuer aux affaires de l\u2019Ordre puisqu\u2019elle agira \u00e0 titre de conseill\u00e8re strat\u00e9gique, r\u00f4le pour lequel son excellente connaissance du syst\u00e8me professionnel sera un atout pr\u00e9cieux.<\/p>\n<p>C\u2019est donc avec un tr\u00e8s grand plaisir que l\u2019Ordre lui souhaite une bonne continuation !<\/p>\n","protected":false},"excerpt":{"rendered":"<p>L\u2019Ordre des audioproth\u00e9sistes du Qu\u00e9bec est heureux d\u2019annoncer la nomination de Mme Christine Sparrow \u00e0 titre de directrice g\u00e9n\u00e9rale et secr\u00e9taire, en poste depuis le 5 mai 2025. Titulaire d\u2019un baccalaur\u00e9at en administration des affaires de l\u2019Universit\u00e9 du Qu\u00e9bec \u00e0 Montr\u00e9al, Mme Sparrow cumule plus de 15 ann\u00e9es d\u2019exp\u00e9rience en gestion et en d\u00e9veloppement organisationnel. [&hellip;]<\/p>\n","protected":false},"author":3,"featured_media":5293,"comment_status":"closed","ping_status":"open","sticky":false,"template":"","format":"standard","meta":{"_et_pb_use_builder":"","_et_pb_old_content":"","_et_gb_content_width":"","footnotes":""},"categories":[11],"tags":[],"class_list":["post-9523","post","type-post","status-publish","format-standard","has-post-thumbnail","hentry","category-renouvellement-cotisation"],"acf":[],"_links":{"self":[{"href":"https:\/\/audioprothesistes.org\/staging20260303\/wp-json\/wp\/v2\/posts\/9523","targetHints":{"allow":["GET"]}}],"collection":[{"href":"https:\/\/audioprothesistes.org\/staging20260303\/wp-json\/wp\/v2\/posts"}],"about":[{"href":"https:\/\/audioprothesistes.org\/staging20260303\/wp-json\/wp\/v2\/types\/post"}],"author":[{"embeddable":true,"href":"https:\/\/audioprothesistes.org\/staging20260303\/wp-json\/wp\/v2\/users\/3"}],"replies":[{"embeddable":true,"href":"https:\/\/audioprothesistes.org\/staging20260303\/wp-json\/wp\/v2\/comments?post=9523"}],"version-history":[{"count":1,"href":"https:\/\/audioprothesistes.org\/staging20260303\/wp-json\/wp\/v2\/posts\/9523\/revisions"}],"predecessor-version":[{"id":9524,"href":"https:\/\/audioprothesistes.org\/staging20260303\/wp-json\/wp\/v2\/posts\/9523\/revisions\/9524"}],"wp:featuredmedia":[{"embeddable":true,"href":"https:\/\/audioprothesistes.org\/staging20260303\/wp-json\/wp\/v2\/media\/5293"}],"wp:attachment":[{"href":"https:\/\/audioprothesistes.org\/staging20260303\/wp-json\/wp\/v2\/media?parent=9523"}],"wp:term":[{"taxonomy":"category","embeddable":true,"href":"https:\/\/audioprothesistes.org\/staging20260303\/wp-json\/wp\/v2\/categories?post=9523"},{"taxonomy":"post_tag","embeddable":true,"href":"https:\/\/audioprothesistes.org\/staging20260303\/wp-json\/wp\/v2\/tags?post=9523"}],"curies":[{"name":"wp","href":"https:\/\/api.w.org\/{rel}","templated":true}]}}